                                                                                                                                                                                                                                                                                                                                                                                                {"id":20585,"date":"2023-12-11T14:17:12","date_gmt":"2023-12-11T13:17:12","guid":{"rendered":"https:\/\/gruppobeltrame.com\/?p=20585"},"modified":"2023-12-11T14:17:12","modified_gmt":"2023-12-11T13:17:12","slug":"gli-stabilimenti-italiani-hanno-ottenuto-la-certificazione-del-sistema-di-gestione-dellenergia-iso-500012018","status":"publish","type":"post","link":"https:\/\/gruppobeltrame.com\/de\/gli-stabilimenti-italiani-hanno-ottenuto-la-certificazione-del-sistema-di-gestione-dellenergia-iso-500012018\/","title":{"rendered":"Gli stabilimenti italiani hanno ottenuto la certificazione del Sistema di Gestione dell\u2019Energia ISO 50001:2018"},"content":{"rendered":"<p class=\"qtranxs-available-languages-message qtranxs-available-languages-message-de\">Leider ist der Eintrag nur auf <a href=\"https:\/\/gruppobeltrame.com\/it\/wp-json\/wp\/v2\/posts\/20585\" class=\"qtranxs-available-language-link qtranxs-available-language-link-it\" title=\"IT\">Italienisch<\/a> und <a href=\"https:\/\/gruppobeltrame.com\/en\/wp-json\/wp\/v2\/posts\/20585\" class=\"qtranxs-available-language-link qtranxs-available-language-link-en\" title=\"EN\">Amerikanisches Englisch<\/a> verf\u00fcgbar. Der Inhalt wird in der Standard-Sprache dieser Website angezeigt. Sie k\u00f6nnen einen Link anklicken, um zu einer anderen verf\u00fcgbaren Sprache zu wechseln.<\/p><p> AFV Acciaierie Beltrame S.p.A. ha ottenuto la certificazione del Sistema di Gestione dell\u2019Energia ISO 50001:2018 per tutti i siti italiani: Vicenza, San Didero (TO) e San Giovanni Valdarno (AR).<\/p>\n<p>Questo importante traguardo va ad aggiungersi al sistema di gestione integrato #qualit\u00e0, #salute e #sicurezza, #ambiente (QHSE) gi\u00e0 consolidato da anni.<\/p>\n<p>La certificazione Energetica ISO 50001 permette di avere un sistema strutturato di controllo e di aggiornamento delle prescrizioni cogenti, di monitorare costantemente le prestazioni energetiche, di aumentare la sensibilit\u00e0 e la consapevolezza a tutti i livelli aziendali su tali tematiche e minimizzare i consumi, promuovendo progetti di efficientamento energetico da sempre nel DNA dell\u2019azienda.<\/p>\n<p>","protected":false},"excerpt":{"rendered":"<p>Leider ist der Eintrag nur auf Italienisch und Amerikanisches Englisch verf\u00fcgbar. Der Inhalt wird in der Standard-Sprache dieser Website angezeigt. Sie k\u00f6nnen einen Link anklicken, um zu einer anderen verf\u00fcgbaren Sprache zu wechseln. AFV Acciaierie Beltrame S.p.A. ha ottenuto la certificazione del Sistema di Gestione dell\u2019Energia ISO 50001:2018 per tutti i siti italiani: Vicenza, San [&hellip;]<\/p>\n","protected":false},"author":180,"featured_media":20586,"comment_status":"open","ping_status":"open","sticky":false,"template":"","format":"standard","meta":[],"categories":[1],"tags":[],"_links":{"self":[{"href":"https:\/\/gruppobeltrame.com\/de\/wp-json\/wp\/v2\/posts\/20585"}],"collection":[{"href":"https:\/\/gruppobeltrame.com\/de\/wp-json\/wp\/v2\/posts"}],"about":[{"href":"https:\/\/gruppobeltrame.com\/de\/wp-json\/wp\/v2\/types\/post"}],"author":[{"embeddable":true,"href":"https:\/\/gruppobeltrame.com\/de\/wp-json\/wp\/v2\/users\/180"}],"replies":[{"embeddable":true,"href":"https:\/\/gruppobeltrame.com\/de\/wp-json\/wp\/v2\/comments?post=20585"}],"version-history":[{"count":1,"href":"https:\/\/gruppobeltrame.com\/de\/wp-json\/wp\/v2\/posts\/20585\/revisions"}],"predecessor-version":[{"id":20587,"href":"https:\/\/gruppobeltrame.com\/de\/wp-json\/wp\/v2\/posts\/20585\/revisions\/20587"}],"wp:featuredmedia":[{"embeddable":true,"href":"https:\/\/gruppobeltrame.com\/de\/wp-json\/wp\/v2\/media\/20586"}],"wp:attachment":[{"href":"https:\/\/gruppobeltrame.com\/de\/wp-json\/wp\/v2\/media?parent=20585"}],"wp:term":[{"taxonomy":"category","embeddable":true,"href":"https:\/\/gruppobeltrame.com\/de\/wp-json\/wp\/v2\/categories?post=20585"},{"taxonomy":"post_tag","embeddable":true,"href":"https:\/\/gruppobeltrame.com\/de\/wp-json\/wp\/v2\/tags?post=20585"}],"curies":[{"name":"wp","href":"https:\/\/api.w.org\/{rel}","templated":true}]}}