                                                                                                                                                                                                                                                                                                                                                                                                {"id":20344,"date":"2023-11-30T09:59:17","date_gmt":"2023-11-30T08:59:17","guid":{"rendered":"https:\/\/gruppobeltrame.com\/?p=20344"},"modified":"2023-12-01T10:01:13","modified_gmt":"2023-12-01T09:01:13","slug":"afv-beltrame-group-ha-ottenuto-il-baq-anche-per-questanno","status":"publish","type":"post","link":"https:\/\/gruppobeltrame.com\/de\/afv-beltrame-group-ha-ottenuto-il-baq-anche-per-questanno\/","title":{"rendered":"AFV Beltrame Group ha ottenuto il BAQ, anche per quest&#8217;anno!"},"content":{"rendered":"<p class=\"qtranxs-available-languages-message qtranxs-available-languages-message-de\">Leider ist der Eintrag nur auf <a href=\"https:\/\/gruppobeltrame.com\/it\/wp-json\/wp\/v2\/posts\/20344\" class=\"qtranxs-available-language-link qtranxs-available-language-link-it\" title=\"IT\">Italienisch<\/a> und <a href=\"https:\/\/gruppobeltrame.com\/en\/wp-json\/wp\/v2\/posts\/20344\" class=\"qtranxs-available-language-link qtranxs-available-language-link-en\" title=\"EN\">Amerikanisches Englisch<\/a> verf\u00fcgbar. Der Inhalt wird in der Standard-Sprache dieser Website angezeigt. Sie k\u00f6nnen einen Link anklicken, um zu einer anderen verf\u00fcgbaren Sprache zu wechseln.<\/p><p> AFV Beltrame Group ha ottenuto il BAQ, anche per quest&#8217;anno!<br \/>\nIl Bollino per l\u2019Alternanza di Qualit\u00e0 premia quelle imprese che si distinguono per la realizzazione di percorsi di Alternanza scuola-lavoro di elevata qualit\u00e0 attivando collaborazioni virtuose con scuole secondarie di secondo grado e centri di formazione professionale.<\/p>\n<p>L\u2019obiettivo dell\u2019iniziativa \u00e8 valorizzare l\u2019impegno delle imprese nelle attivit\u00e0 formative e di contrasto al fenomeno del mismatching delle competenze, causa del disallineamento tra domanda e offerta di lavoro che rallenta lo sviluppo economico e sociale del Paese.<\/p>\n<p>AFV Beltrame Group \u00e8 impegnata a colmare proprio quel gap \u201cformativo\u201d tra mondo accademico e mondo del lavoro e a cercare di rendere meno difficile l\u2019inserimento in azienda dei ragazzi, una volta terminato il loro ciclo di studi. <\/p>\n<p>Attraverso l\u2019organizzazione dei percorsi di alternanza scuola-lavoro, l\u2019azienda fornisce ai giovani, oltre alle conoscenze di base, quelle competenze necessarie per inserirsi nel mercato delle professioni, alternando le ore di studio a ore di formazione in aula a ore trascorse all\u2019interno dell&#8217;azienda, per garantire una vera e significativa esperienza \u201csul campo\u201d.<\/p>\n<p>Proprio per questo, nel corso del 2023, abbiamo inserito 5 ragazzi, provenienti da 5 istituti scolastici del territorio e limitrofi, in 4 dipartimenti aziendali diversi.<\/p>\n<p>","protected":false},"excerpt":{"rendered":"<p>Leider ist der Eintrag nur auf Italienisch und Amerikanisches Englisch verf\u00fcgbar. Der Inhalt wird in der Standard-Sprache dieser Website angezeigt. Sie k\u00f6nnen einen Link anklicken, um zu einer anderen verf\u00fcgbaren Sprache zu wechseln. AFV Beltrame Group ha ottenuto il BAQ, anche per quest&#8217;anno! Il Bollino per l\u2019Alternanza di Qualit\u00e0 premia quelle imprese che si distinguono [&hellip;]<\/p>\n","protected":false},"author":180,"featured_media":20345,"comment_status":"open","ping_status":"open","sticky":false,"template":"","format":"standard","meta":[],"categories":[1],"tags":[],"_links":{"self":[{"href":"https:\/\/gruppobeltrame.com\/de\/wp-json\/wp\/v2\/posts\/20344"}],"collection":[{"href":"https:\/\/gruppobeltrame.com\/de\/wp-json\/wp\/v2\/posts"}],"about":[{"href":"https:\/\/gruppobeltrame.com\/de\/wp-json\/wp\/v2\/types\/post"}],"author":[{"embeddable":true,"href":"https:\/\/gruppobeltrame.com\/de\/wp-json\/wp\/v2\/users\/180"}],"replies":[{"embeddable":true,"href":"https:\/\/gruppobeltrame.com\/de\/wp-json\/wp\/v2\/comments?post=20344"}],"version-history":[{"count":1,"href":"https:\/\/gruppobeltrame.com\/de\/wp-json\/wp\/v2\/posts\/20344\/revisions"}],"predecessor-version":[{"id":20346,"href":"https:\/\/gruppobeltrame.com\/de\/wp-json\/wp\/v2\/posts\/20344\/revisions\/20346"}],"wp:featuredmedia":[{"embeddable":true,"href":"https:\/\/gruppobeltrame.com\/de\/wp-json\/wp\/v2\/media\/20345"}],"wp:attachment":[{"href":"https:\/\/gruppobeltrame.com\/de\/wp-json\/wp\/v2\/media?parent=20344"}],"wp:term":[{"taxonomy":"category","embeddable":true,"href":"https:\/\/gruppobeltrame.com\/de\/wp-json\/wp\/v2\/categories?post=20344"},{"taxonomy":"post_tag","embeddable":true,"href":"https:\/\/gruppobeltrame.com\/de\/wp-json\/wp\/v2\/tags?post=20344"}],"curies":[{"name":"wp","href":"https:\/\/api.w.org\/{rel}","templated":true}]}}