                                                                                                                                                                                                                                                                                                                                                                                                {"id":19900,"date":"2023-11-10T12:21:44","date_gmt":"2023-11-10T11:21:44","guid":{"rendered":"https:\/\/gruppobeltrame.com\/?p=19900"},"modified":"2023-11-10T12:23:52","modified_gmt":"2023-11-10T11:23:52","slug":"interessante-intervista-a-barbara-beltrame-pubblicata-da-tecnologie-meccaniche","status":"publish","type":"post","link":"https:\/\/gruppobeltrame.com\/de\/interessante-intervista-a-barbara-beltrame-pubblicata-da-tecnologie-meccaniche\/","title":{"rendered":"Interessante intervista a Barbara Beltrame pubblicata da Tecnologie Meccaniche"},"content":{"rendered":"<p class=\"qtranxs-available-languages-message qtranxs-available-languages-message-de\">Leider ist der Eintrag nur auf <a href=\"https:\/\/gruppobeltrame.com\/it\/wp-json\/wp\/v2\/posts\/19900\" class=\"qtranxs-available-language-link qtranxs-available-language-link-it\" title=\"IT\">Italienisch<\/a> und <a href=\"https:\/\/gruppobeltrame.com\/en\/wp-json\/wp\/v2\/posts\/19900\" class=\"qtranxs-available-language-link qtranxs-available-language-link-en\" title=\"EN\">Amerikanisches Englisch<\/a> verf\u00fcgbar. Der Inhalt wird in der Standard-Sprache dieser Website angezeigt. Sie k\u00f6nnen einen Link anklicken, um zu einer anderen verf\u00fcgbaren Sprache zu wechseln.<\/p><p> &#8222;Oggi i cambiamenti climatici, le tensioni geopolitiche e l\u2019affermarsi di altri attori industriali sulla scena globale (p.e. India e Brasile) mettono le nostre aziende di fronte alla necessit\u00e0 di adeguarsi a un contesto molto sfidante. In questo quadro d\u2019insieme la #rivoluzioneverde e quella digitale sono le due macrotendenze che determineranno un cambiamento radicale dal quale l\u2019industria italiana non pu\u00f2 e non deve esimersi.<\/p>\n<p>L\u2019adeguamento ai criteri di #sostenibilit\u00e0 permetter\u00e0 alle nostre aziende di essere pi\u00f9 efficienti e di risparmiare sui costi energetici, nonch\u00e9 di razionalizzare l\u2019uso di quei beni come l\u2019acqua, sempre pi\u00f9 scarsi ma necessari al mantenimento dei cicli produttivi.<\/p>\n<p>La #digitalizzazione porter\u00e0 a un efficientamento dei tempi nei processi amministrativi, ottimizzer\u00e0 i tempi di processi industriali complessi, garantendo il mantenimento di standard elevati di qualit\u00e0 nella produzione di beni e servizi.<\/p>\n<p>\u00c8 doveroso, dunque, che il comparto manifatturiero comprenda bene che la doppia transizione pi\u00f9 che una sfida rappresenta una necessit\u00e0 sia economica che sociale.<\/p>\n<p>Da un lato, infatti, solo le aziende che saranno in grado di adattarsi potranno competere in futuro nel mercato globale; dall\u2019altro, bisogna comprendere che l\u2019adeguamento agli standard di sostenibilit\u00e0 mitigher\u00e0 gli effetti dei cambiamenti climatici, aiutando la comunit\u00e0 internazionale nel suo insieme&#8220;.<\/p>\n<p><a href=\"https:\/\/viewer.joomag.com\/tecnologie-meccaniche\/M0650491001426167481\">Leggi qui<\/a> l&#8217;approfondita intervista a <a href=\"https:\/\/www.linkedin.com\/in\/ACoAAABJqBUBznmx1tcQR9xcBat4fWe2jnjq0l8?lipi=urn%3Ali%3Apage%3Ad_flagship3_company%3BT9vpCzX6RlCTLztgHCdpZg%3D%3D\">Barbara Beltrame Giacomello<\/a> pubblicata da <a href=\"https:\/\/www.linkedin.com\/company\/tecnologie-meccaniche-techmec\/?lipi=urn%3Ali%3Apage%3Ad_flagship3_company%3BT9vpCzX6RlCTLztgHCdpZg%3D%3D\">Tecnologie Meccaniche<\/a><\/p>\n<p>","protected":false},"excerpt":{"rendered":"<p>Leider ist der Eintrag nur auf Italienisch und Amerikanisches Englisch verf\u00fcgbar. Der Inhalt wird in der Standard-Sprache dieser Website angezeigt. Sie k\u00f6nnen einen Link anklicken, um zu einer anderen verf\u00fcgbaren Sprache zu wechseln. &#8222;Oggi i cambiamenti climatici, le tensioni geopolitiche e l\u2019affermarsi di altri attori industriali sulla scena globale (p.e. India e Brasile) mettono le [&hellip;]<\/p>\n","protected":false},"author":180,"featured_media":19905,"comment_status":"open","ping_status":"open","sticky":false,"template":"","format":"standard","meta":[],"categories":[1],"tags":[],"_links":{"self":[{"href":"https:\/\/gruppobeltrame.com\/de\/wp-json\/wp\/v2\/posts\/19900"}],"collection":[{"href":"https:\/\/gruppobeltrame.com\/de\/wp-json\/wp\/v2\/posts"}],"about":[{"href":"https:\/\/gruppobeltrame.com\/de\/wp-json\/wp\/v2\/types\/post"}],"author":[{"embeddable":true,"href":"https:\/\/gruppobeltrame.com\/de\/wp-json\/wp\/v2\/users\/180"}],"replies":[{"embeddable":true,"href":"https:\/\/gruppobeltrame.com\/de\/wp-json\/wp\/v2\/comments?post=19900"}],"version-history":[{"count":3,"href":"https:\/\/gruppobeltrame.com\/de\/wp-json\/wp\/v2\/posts\/19900\/revisions"}],"predecessor-version":[{"id":19983,"href":"https:\/\/gruppobeltrame.com\/de\/wp-json\/wp\/v2\/posts\/19900\/revisions\/19983"}],"wp:featuredmedia":[{"embeddable":true,"href":"https:\/\/gruppobeltrame.com\/de\/wp-json\/wp\/v2\/media\/19905"}],"wp:attachment":[{"href":"https:\/\/gruppobeltrame.com\/de\/wp-json\/wp\/v2\/media?parent=19900"}],"wp:term":[{"taxonomy":"category","embeddable":true,"href":"https:\/\/gruppobeltrame.com\/de\/wp-json\/wp\/v2\/categories?post=19900"},{"taxonomy":"post_tag","embeddable":true,"href":"https:\/\/gruppobeltrame.com\/de\/wp-json\/wp\/v2\/tags?post=19900"}],"curies":[{"name":"wp","href":"https:\/\/api.w.org\/{rel}","templated":true}]}}