                                                                                                                                                                                                                                                                                                                                                                                                {"id":19749,"date":"2023-10-30T12:42:52","date_gmt":"2023-10-30T11:42:52","guid":{"rendered":"https:\/\/gruppobeltrame.com\/?p=19749"},"modified":"2023-10-30T12:42:52","modified_gmt":"2023-10-30T11:42:52","slug":"net-zero-industry-act-notizie-positive-per-lo-sviluppo-del-mercato-chalibria","status":"publish","type":"post","link":"https:\/\/gruppobeltrame.com\/de\/net-zero-industry-act-notizie-positive-per-lo-sviluppo-del-mercato-chalibria\/","title":{"rendered":"Net-Zero industry act: Notizie positive per lo sviluppo del mercato Chalibria"},"content":{"rendered":"<p class=\"qtranxs-available-languages-message qtranxs-available-languages-message-de\">Leider ist der Eintrag nur auf <a href=\"https:\/\/gruppobeltrame.com\/it\/wp-json\/wp\/v2\/posts\/19749\" class=\"qtranxs-available-language-link qtranxs-available-language-link-it\" title=\"IT\">Italienisch<\/a> und <a href=\"https:\/\/gruppobeltrame.com\/en\/wp-json\/wp\/v2\/posts\/19749\" class=\"qtranxs-available-language-link qtranxs-available-language-link-en\" title=\"EN\">Amerikanisches Englisch<\/a> verf\u00fcgbar. Der Inhalt wird in der Standard-Sprache dieser Website angezeigt. Sie k\u00f6nnen einen Link anklicken, um zu einer anderen verf\u00fcgbaren Sprache zu wechseln.<\/p><p> Recentemente, la Commissione Industria dell&#8217;UE ha proposto di ampliare il &#8222;<a href=\"https:\/\/www.europarl.europa.eu\/news\/it\/press-room\/20231023IPR08159\/meps-back-plans-to-boost-europe-s-net-zero-technology-production\">Net-Zero industry act<\/a>&#8222;: &#8222;per includere l&#8217;intera catena di fornitura nella produzione di tecnologie necessarie per la #decarbonizzazione&#8220;.<\/p>\n<p>Una notizia positiva per lo sviluppo del mercato #Chalibria, l&#8217;acciaio carbon neutral di AFV Beltrame Group, che contribuir\u00e0 alla riduzione dell&#8217;impronta carbonica Scope 3 dei macchinari e alla promozione degli #approvvigionamenti verdi.<\/p>\n<p>","protected":false},"excerpt":{"rendered":"<p>Leider ist der Eintrag nur auf Italienisch und Amerikanisches Englisch verf\u00fcgbar. Der Inhalt wird in der Standard-Sprache dieser Website angezeigt. Sie k\u00f6nnen einen Link anklicken, um zu einer anderen verf\u00fcgbaren Sprache zu wechseln. Recentemente, la Commissione Industria dell&#8217;UE ha proposto di ampliare il &#8222;Net-Zero industry act&#8222;: &#8222;per includere l&#8217;intera catena di fornitura nella produzione di [&hellip;]<\/p>\n","protected":false},"author":180,"featured_media":19750,"comment_status":"open","ping_status":"open","sticky":false,"template":"","format":"standard","meta":[],"categories":[1],"tags":[],"_links":{"self":[{"href":"https:\/\/gruppobeltrame.com\/de\/wp-json\/wp\/v2\/posts\/19749"}],"collection":[{"href":"https:\/\/gruppobeltrame.com\/de\/wp-json\/wp\/v2\/posts"}],"about":[{"href":"https:\/\/gruppobeltrame.com\/de\/wp-json\/wp\/v2\/types\/post"}],"author":[{"embeddable":true,"href":"https:\/\/gruppobeltrame.com\/de\/wp-json\/wp\/v2\/users\/180"}],"replies":[{"embeddable":true,"href":"https:\/\/gruppobeltrame.com\/de\/wp-json\/wp\/v2\/comments?post=19749"}],"version-history":[{"count":1,"href":"https:\/\/gruppobeltrame.com\/de\/wp-json\/wp\/v2\/posts\/19749\/revisions"}],"predecessor-version":[{"id":19751,"href":"https:\/\/gruppobeltrame.com\/de\/wp-json\/wp\/v2\/posts\/19749\/revisions\/19751"}],"wp:featuredmedia":[{"embeddable":true,"href":"https:\/\/gruppobeltrame.com\/de\/wp-json\/wp\/v2\/media\/19750"}],"wp:attachment":[{"href":"https:\/\/gruppobeltrame.com\/de\/wp-json\/wp\/v2\/media?parent=19749"}],"wp:term":[{"taxonomy":"category","embeddable":true,"href":"https:\/\/gruppobeltrame.com\/de\/wp-json\/wp\/v2\/categories?post=19749"},{"taxonomy":"post_tag","embeddable":true,"href":"https:\/\/gruppobeltrame.com\/de\/wp-json\/wp\/v2\/tags?post=19749"}],"curies":[{"name":"wp","href":"https:\/\/api.w.org\/{rel}","templated":true}]}}