                                                                                                                                                                                                                                                                                                                                                                                                {"id":18989,"date":"2023-09-27T11:52:19","date_gmt":"2023-09-27T09:52:19","guid":{"rendered":"https:\/\/gruppobeltrame.com\/?p=18989"},"modified":"2023-09-27T11:52:19","modified_gmt":"2023-09-27T09:52:19","slug":"chalibria-per-un-futuro-di-acciaio-carbon-neutral","status":"publish","type":"post","link":"https:\/\/gruppobeltrame.com\/de\/chalibria-per-un-futuro-di-acciaio-carbon-neutral\/","title":{"rendered":"Chalibria per un futuro di acciaio carbon neutral"},"content":{"rendered":"<p class=\"qtranxs-available-languages-message qtranxs-available-languages-message-de\">Leider ist der Eintrag nur auf <a href=\"https:\/\/gruppobeltrame.com\/it\/wp-json\/wp\/v2\/posts\/18989\" class=\"qtranxs-available-language-link qtranxs-available-language-link-it\" title=\"IT\">Italienisch<\/a> und <a href=\"https:\/\/gruppobeltrame.com\/en\/wp-json\/wp\/v2\/posts\/18989\" class=\"qtranxs-available-language-link qtranxs-available-language-link-en\" title=\"EN\">Amerikanisches Englisch<\/a> verf\u00fcgbar. Der Inhalt wird in der Standard-Sprache dieser Website angezeigt. Sie k\u00f6nnen einen Link anklicken, um zu einer anderen verf\u00fcgbaren Sprache zu wechseln.<\/p><p> Un ulteriore, significativo passo verso un futuro dell&#8217;acciaio carbon neutral! Anche <a href=\"https:\/\/www.linkedin.com\/company\/kicherer\/?lipi=urn%3Ali%3Apage%3Acompanies_company_posts_index%3B3aa73876-72a1-4389-9492-ae751d5c98dd\">Friedrich Kicherer GmbH &#038; Co. KG<\/a> ha scelto #chalibria.<br \/>\nUna visione condivisa, assieme ad una giusta collaborazione, sono la chiave per raggiungere insieme gli impegnativi obiettivi della transizione ecologica.<\/p>\n<p><a href=\"https:\/\/www.schwaebische.de\/regional\/ostalb\/ellwangen\/kicherer-verkauft-co2-neutralen-strahl-1932024\">Leggi l&#8217;articolo completo qui.<\/a><\/p>\n<p>","protected":false},"excerpt":{"rendered":"<p>Leider ist der Eintrag nur auf Italienisch und Amerikanisches Englisch verf\u00fcgbar. Der Inhalt wird in der Standard-Sprache dieser Website angezeigt. Sie k\u00f6nnen einen Link anklicken, um zu einer anderen verf\u00fcgbaren Sprache zu wechseln. Un ulteriore, significativo passo verso un futuro dell&#8217;acciaio carbon neutral! Anche Friedrich Kicherer GmbH &#038; Co. KG ha scelto #chalibria. Una visione [&hellip;]<\/p>\n","protected":false},"author":180,"featured_media":18990,"comment_status":"open","ping_status":"open","sticky":false,"template":"","format":"standard","meta":[],"categories":[1],"tags":[],"_links":{"self":[{"href":"https:\/\/gruppobeltrame.com\/de\/wp-json\/wp\/v2\/posts\/18989"}],"collection":[{"href":"https:\/\/gruppobeltrame.com\/de\/wp-json\/wp\/v2\/posts"}],"about":[{"href":"https:\/\/gruppobeltrame.com\/de\/wp-json\/wp\/v2\/types\/post"}],"author":[{"embeddable":true,"href":"https:\/\/gruppobeltrame.com\/de\/wp-json\/wp\/v2\/users\/180"}],"replies":[{"embeddable":true,"href":"https:\/\/gruppobeltrame.com\/de\/wp-json\/wp\/v2\/comments?post=18989"}],"version-history":[{"count":2,"href":"https:\/\/gruppobeltrame.com\/de\/wp-json\/wp\/v2\/posts\/18989\/revisions"}],"predecessor-version":[{"id":18992,"href":"https:\/\/gruppobeltrame.com\/de\/wp-json\/wp\/v2\/posts\/18989\/revisions\/18992"}],"wp:featuredmedia":[{"embeddable":true,"href":"https:\/\/gruppobeltrame.com\/de\/wp-json\/wp\/v2\/media\/18990"}],"wp:attachment":[{"href":"https:\/\/gruppobeltrame.com\/de\/wp-json\/wp\/v2\/media?parent=18989"}],"wp:term":[{"taxonomy":"category","embeddable":true,"href":"https:\/\/gruppobeltrame.com\/de\/wp-json\/wp\/v2\/categories?post=18989"},{"taxonomy":"post_tag","embeddable":true,"href":"https:\/\/gruppobeltrame.com\/de\/wp-json\/wp\/v2\/tags?post=18989"}],"curies":[{"name":"wp","href":"https:\/\/api.w.org\/{rel}","templated":true}]}}