                                                                                                                                                                                                                                                                                                                                                                                                {"id":1754,"date":"2018-05-29T17:03:47","date_gmt":"2018-05-29T15:03:47","guid":{"rendered":"https:\/\/gruppobeltrame.com\/?p=1754"},"modified":"2018-06-08T17:04:09","modified_gmt":"2018-06-08T15:04:09","slug":"afv-al-career-day-universita-di-padova","status":"publish","type":"post","link":"https:\/\/gruppobeltrame.com\/de\/afv-al-career-day-universita-di-padova\/","title":{"rendered":"AFV al Career Day Universit\u00e0 di Padova"},"content":{"rendered":"<p class=\"qtranxs-available-languages-message qtranxs-available-languages-message-de\">Leider ist der Eintrag nur auf <a href=\"https:\/\/gruppobeltrame.com\/it\/wp-json\/wp\/v2\/posts\/1754\" class=\"qtranxs-available-language-link qtranxs-available-language-link-it\" title=\"IT\">Italienisch<\/a> und <a href=\"https:\/\/gruppobeltrame.com\/en\/wp-json\/wp\/v2\/posts\/1754\" class=\"qtranxs-available-language-link qtranxs-available-language-link-en\" title=\"EN\">Amerikanisches Englisch<\/a> verf\u00fcgbar. Der Inhalt wird in der Standard-Sprache dieser Website angezeigt. Sie k\u00f6nnen einen Link anklicken, um zu einer anderen verf\u00fcgbaren Sprache zu wechseln.<\/p><p>\u00a0Sei uno studente universitario? Ti piacerebbe vedere quali opportunit\u00e0 di carriera ci sono in AFV Beltrame Group? Ti aspettiamo domani alla 13 \u00b0 edizione dell&#8217;Universit\u00e0 aperta Career Day dell&#8217;Universit\u00e0 di Padova #careerday #universit\u00e0dipadova <\/p>","protected":false},"excerpt":{"rendered":"<p>Leider ist der Eintrag nur auf Italienisch und Amerikanisches Englisch verf\u00fcgbar. Der Inhalt wird in der Standard-Sprache dieser Website angezeigt. Sie k\u00f6nnen einen Link anklicken, um zu einer anderen verf\u00fcgbaren Sprache zu wechseln.\u00a0Sei uno studente universitario? Ti piacerebbe vedere quali opportunit\u00e0 di carriera ci sono in AFV Beltrame Group? Ti aspettiamo domani alla 13 \u00b0 [&hellip;]<\/p>\n","protected":false},"author":180,"featured_media":1755,"comment_status":"open","ping_status":"open","sticky":false,"template":"","format":"standard","meta":[],"categories":[1],"tags":[],"_links":{"self":[{"href":"https:\/\/gruppobeltrame.com\/de\/wp-json\/wp\/v2\/posts\/1754"}],"collection":[{"href":"https:\/\/gruppobeltrame.com\/de\/wp-json\/wp\/v2\/posts"}],"about":[{"href":"https:\/\/gruppobeltrame.com\/de\/wp-json\/wp\/v2\/types\/post"}],"author":[{"embeddable":true,"href":"https:\/\/gruppobeltrame.com\/de\/wp-json\/wp\/v2\/users\/180"}],"replies":[{"embeddable":true,"href":"https:\/\/gruppobeltrame.com\/de\/wp-json\/wp\/v2\/comments?post=1754"}],"version-history":[{"count":0,"href":"https:\/\/gruppobeltrame.com\/de\/wp-json\/wp\/v2\/posts\/1754\/revisions"}],"wp:featuredmedia":[{"embeddable":true,"href":"https:\/\/gruppobeltrame.com\/de\/wp-json\/wp\/v2\/media\/1755"}],"wp:attachment":[{"href":"https:\/\/gruppobeltrame.com\/de\/wp-json\/wp\/v2\/media?parent=1754"}],"wp:term":[{"taxonomy":"category","embeddable":true,"href":"https:\/\/gruppobeltrame.com\/de\/wp-json\/wp\/v2\/categories?post=1754"},{"taxonomy":"post_tag","embeddable":true,"href":"https:\/\/gruppobeltrame.com\/de\/wp-json\/wp\/v2\/tags?post=1754"}],"curies":[{"name":"wp","href":"https:\/\/api.w.org\/{rel}","templated":true}]}}