                                                                                                                                                                                                                                                                                                                                                                                                {"id":16992,"date":"2023-05-31T11:07:35","date_gmt":"2023-05-31T09:07:35","guid":{"rendered":"https:\/\/gruppobeltrame.com\/?p=16992"},"modified":"2023-06-01T11:12:15","modified_gmt":"2023-06-01T09:12:15","slug":"safety-day-nello-stabilimento-di-san-didero","status":"publish","type":"post","link":"https:\/\/gruppobeltrame.com\/de\/safety-day-nello-stabilimento-di-san-didero\/","title":{"rendered":"Safety Day nello stabilimento di San Didero"},"content":{"rendered":"<p class=\"qtranxs-available-languages-message qtranxs-available-languages-message-de\">Leider ist der Eintrag nur auf <a href=\"https:\/\/gruppobeltrame.com\/it\/wp-json\/wp\/v2\/posts\/16992\" class=\"qtranxs-available-language-link qtranxs-available-language-link-it\" title=\"IT\">Italienisch<\/a> und <a href=\"https:\/\/gruppobeltrame.com\/en\/wp-json\/wp\/v2\/posts\/16992\" class=\"qtranxs-available-language-link qtranxs-available-language-link-en\" title=\"EN\">Amerikanisches Englisch<\/a> verf\u00fcgbar. Der Inhalt wird in der Standard-Sprache dieser Website angezeigt. Sie k\u00f6nnen einen Link anklicken, um zu einer anderen verf\u00fcgbaren Sprache zu wechseln.<\/p><p> Safety day nello stabilimento di San Didero (TO): una giornata di formazione dedicata a tutti i dipendenti in cui si sono approfonditi temi della #Sicurezza, #Energia e #Sostenibilit\u00e0 seguiti dalla presentazione di #Chalibria il nuovo acciaio certificato carbon neutral.<\/p>\n<p>Nel pomeriggio \u00e8 stato messo in scena lo spettacolo \u201cOcjo\u201d per sensibilizzare la platea sulla prevenzione in materia di salute e sicurezza sul lavoro.<\/p>\n<p>Un grazie speciale ai relatori, attori e organizzatori dell\u2019evento:<br \/>\n<a href=\"https:\/\/www.linkedin.com\/in\/ACoAACxy07UBLbEXjpWPkI89unAZZLMG0cjuWds?lipi=urn%3Ali%3Apage%3Ad_flagship3_feed%3BMtUm8XEiSe6kKxrybxwDjA%3D%3D\">Stefania Beltrame Giacomello<\/a>, <a href=\"https:\/\/www.linkedin.com\/in\/ACoAAAkVi0gBAZgqku5XoarBmFlPEg-ckkHsC7k?lipi=urn%3Ali%3Apage%3Ad_flagship3_feed%3BMtUm8XEiSe6kKxrybxwDjA%3D%3D\">Alessandro Franconi<\/a>, <a href=\"https:\/\/www.linkedin.com\/in\/ACoAAA-63yUBoJYd89g6vJNN1OjjiEtmFJuyXc4?lipi=urn%3Ali%3Apage%3Ad_flagship3_feed%3BMtUm8XEiSe6kKxrybxwDjA%3D%3D\">Ruggero Rigon<\/a>, <a href=\"https:\/\/www.linkedin.com\/in\/ACoAAAqthgcBijwn4kiJTTUaNL-_Y-l7N3rHUrg?lipi=urn%3Ali%3Apage%3Ad_flagship3_feed%3BMtUm8XEiSe6kKxrybxwDjA%3D%3D\">Davide Mottin<\/a>, Roberto Baron, <a href=\"https:\/\/www.linkedin.com\/in\/ACoAAAid3-QBoz6PUp_3acK6OXeh83u_P7J505k?lipi=urn%3Ali%3Apage%3Ad_flagship3_feed%3BMtUm8XEiSe6kKxrybxwDjA%3D%3D\">Gianmaria Zanni<\/a>, <a href=\"https:\/\/www.linkedin.com\/in\/ACoAAApH96UBhaB0VpINIKnHfAlrN5PaBJsuOII?lipi=urn%3Ali%3Apage%3Ad_flagship3_feed%3BMtUm8XEiSe6kKxrybxwDjA%3D%3D\">Giovan Battista Landra<\/a>, <a href=\"https:\/\/www.linkedin.com\/in\/ACoAACQLaykBwmTF--1QHsAemYMxThbvMuiRAc4?lipi=urn%3Ali%3Apage%3Ad_flagship3_feed%3BMtUm8XEiSe6kKxrybxwDjA%3D%3D\">Matteo Marchetto<\/a>, <a href=\"https:\/\/www.linkedin.com\/in\/ACoAABGa2GQBGled2aE4ge36v-qev49BFLWPah8?lipi=urn%3Ali%3Apage%3Ad_flagship3_feed%3BMtUm8XEiSe6kKxrybxwDjA%3D%3D\">Andrea Costa<\/a>, <a href=\"https:\/\/www.linkedin.com\/in\/ACoAABmlhRUB-dOpbpUhXfRjsz7d11GGEdezMSM?lipi=urn%3Ali%3Apage%3Ad_flagship3_feed%3BMtUm8XEiSe6kKxrybxwDjA%3D%3D\">Alessandra Centofante<\/a>, <a href=\"https:\/\/www.linkedin.com\/company\/sviluppo-formazione\/?lipi=urn%3Ali%3Apage%3Ad_flagship3_feed%3BMtUm8XEiSe6kKxrybxwDjA%3D%3D\">Sviluppo Formazione<\/a>.<\/p>\n<p>","protected":false},"excerpt":{"rendered":"<p>Leider ist der Eintrag nur auf Italienisch und Amerikanisches Englisch verf\u00fcgbar. Der Inhalt wird in der Standard-Sprache dieser Website angezeigt. Sie k\u00f6nnen einen Link anklicken, um zu einer anderen verf\u00fcgbaren Sprache zu wechseln. Safety day nello stabilimento di San Didero (TO): una giornata di formazione dedicata a tutti i dipendenti in cui si sono approfonditi [&hellip;]<\/p>\n","protected":false},"author":180,"featured_media":16993,"comment_status":"open","ping_status":"open","sticky":false,"template":"","format":"standard","meta":[],"categories":[1],"tags":[],"_links":{"self":[{"href":"https:\/\/gruppobeltrame.com\/de\/wp-json\/wp\/v2\/posts\/16992"}],"collection":[{"href":"https:\/\/gruppobeltrame.com\/de\/wp-json\/wp\/v2\/posts"}],"about":[{"href":"https:\/\/gruppobeltrame.com\/de\/wp-json\/wp\/v2\/types\/post"}],"author":[{"embeddable":true,"href":"https:\/\/gruppobeltrame.com\/de\/wp-json\/wp\/v2\/users\/180"}],"replies":[{"embeddable":true,"href":"https:\/\/gruppobeltrame.com\/de\/wp-json\/wp\/v2\/comments?post=16992"}],"version-history":[{"count":2,"href":"https:\/\/gruppobeltrame.com\/de\/wp-json\/wp\/v2\/posts\/16992\/revisions"}],"predecessor-version":[{"id":16995,"href":"https:\/\/gruppobeltrame.com\/de\/wp-json\/wp\/v2\/posts\/16992\/revisions\/16995"}],"wp:featuredmedia":[{"embeddable":true,"href":"https:\/\/gruppobeltrame.com\/de\/wp-json\/wp\/v2\/media\/16993"}],"wp:attachment":[{"href":"https:\/\/gruppobeltrame.com\/de\/wp-json\/wp\/v2\/media?parent=16992"}],"wp:term":[{"taxonomy":"category","embeddable":true,"href":"https:\/\/gruppobeltrame.com\/de\/wp-json\/wp\/v2\/categories?post=16992"},{"taxonomy":"post_tag","embeddable":true,"href":"https:\/\/gruppobeltrame.com\/de\/wp-json\/wp\/v2\/tags?post=16992"}],"curies":[{"name":"wp","href":"https:\/\/api.w.org\/{rel}","templated":true}]}}