                                                                                                                                                                                                                                                                                                                                                                                                {"id":13863,"date":"2023-01-30T12:44:23","date_gmt":"2023-01-30T11:44:23","guid":{"rendered":"https:\/\/gruppobeltrame.com\/?p=13863"},"modified":"2023-02-02T15:04:19","modified_gmt":"2023-02-02T14:04:19","slug":"partecipa-allevento-organizzato-dalluniversita-di-bocconi-in-collaborazione-con-il-gruppo-beltrame","status":"publish","type":"post","link":"https:\/\/gruppobeltrame.com\/de\/partecipa-allevento-organizzato-dalluniversita-di-bocconi-in-collaborazione-con-il-gruppo-beltrame\/","title":{"rendered":"Partecipa all&#8217;evento organizzato dall&#8217;Universit\u00e0 di Bocconi  in collaborazione con il Gruppo Beltrame"},"content":{"rendered":"<p class=\"qtranxs-available-languages-message qtranxs-available-languages-message-de\">Leider ist der Eintrag nur auf <a href=\"https:\/\/gruppobeltrame.com\/it\/wp-json\/wp\/v2\/posts\/13863\" class=\"qtranxs-available-language-link qtranxs-available-language-link-it\" title=\"IT\">Italienisch<\/a> und <a href=\"https:\/\/gruppobeltrame.com\/en\/wp-json\/wp\/v2\/posts\/13863\" class=\"qtranxs-available-language-link qtranxs-available-language-link-en\" title=\"EN\">Amerikanisches Englisch<\/a> verf\u00fcgbar. Der Inhalt wird in der Standard-Sprache dieser Website angezeigt. Sie k\u00f6nnen einen Link anklicken, um zu einer anderen verf\u00fcgbaren Sprache zu wechseln.<\/p><p> <a href=\"https:\/\/www.linkedin.com\/in\/ACoAAACKRGQBV5yIznAd62npGu3qJD7GLjEFDKM?lipi=urn%3Ali%3Apage%3Ad_flagship3_feed%3B2JBHGtFDQVqkZq4%2FKUi4iQ%3D%3D\">Paolo Sala<\/a>, Group Treasury Director &#038; Head of Accounting Department sar\u00e0 relatore, gioved\u00ec 2 Febbraio, all&#8217;evento organizzato dagli Alumni del Topic CFO &#038; Accounting dell&#8216;<a href=\"https:\/\/www.linkedin.com\/company\/universita-bocconi\/?lipi=urn%3Ali%3Apage%3Ad_flagship3_feed%3B2JBHGtFDQVqkZq4%2FKUi4iQ%3D%3D\">Universit\u00e0 Bocconi<\/a>: &#8222;Fare impresa in tempi di inflazione: cosa \u00e8 cambiato (dalla finanza al controllo di gestione)&#8220;, portando l&#8217;esperienza del Gruppo Beltrame.<\/p>\n<p>Sar\u00e0 l&#8217;occasione per discutere con intermediari finanziari, CFO e finance managers di diversi settori, come l\u2019elevata e perdurante inflazione stia divenendo una sfida continua per le imprese, costrette a scoprire ed applicare nuovi paradigmi nelle politiche di approvvigionamento, pricing, gestione del circolante, fabbisogni di cassa e conseguenti rapporti con banche e investitori, oltre a dover velocizzare e rendere pi\u00f9 efficaci i processi di pianificazione e controllo.<\/p>\n<p><a href=\"https:\/\/www.bocconialumni.it\/permalink\/content\/fare-impresa-in-tempi-di-inflazione-cosa-e-cambiato-dalla-finanza-al-controllo-di-gestione\">L&#8217;evento \u00e8 gratuito previa registrazione cliccando qui <\/a> e sar\u00e0 trasmesso anche in streaming.<\/p>\n<p>","protected":false},"excerpt":{"rendered":"<p>Leider ist der Eintrag nur auf Italienisch und Amerikanisches Englisch verf\u00fcgbar. Der Inhalt wird in der Standard-Sprache dieser Website angezeigt. Sie k\u00f6nnen einen Link anklicken, um zu einer anderen verf\u00fcgbaren Sprache zu wechseln. Paolo Sala, Group Treasury Director &#038; Head of Accounting Department sar\u00e0 relatore, gioved\u00ec 2 Febbraio, all&#8217;evento organizzato dagli Alumni del Topic CFO [&hellip;]<\/p>\n","protected":false},"author":180,"featured_media":13907,"comment_status":"open","ping_status":"open","sticky":false,"template":"","format":"standard","meta":[],"categories":[14,1],"tags":[],"_links":{"self":[{"href":"https:\/\/gruppobeltrame.com\/de\/wp-json\/wp\/v2\/posts\/13863"}],"collection":[{"href":"https:\/\/gruppobeltrame.com\/de\/wp-json\/wp\/v2\/posts"}],"about":[{"href":"https:\/\/gruppobeltrame.com\/de\/wp-json\/wp\/v2\/types\/post"}],"author":[{"embeddable":true,"href":"https:\/\/gruppobeltrame.com\/de\/wp-json\/wp\/v2\/users\/180"}],"replies":[{"embeddable":true,"href":"https:\/\/gruppobeltrame.com\/de\/wp-json\/wp\/v2\/comments?post=13863"}],"version-history":[{"count":2,"href":"https:\/\/gruppobeltrame.com\/de\/wp-json\/wp\/v2\/posts\/13863\/revisions"}],"predecessor-version":[{"id":13866,"href":"https:\/\/gruppobeltrame.com\/de\/wp-json\/wp\/v2\/posts\/13863\/revisions\/13866"}],"wp:featuredmedia":[{"embeddable":true,"href":"https:\/\/gruppobeltrame.com\/de\/wp-json\/wp\/v2\/media\/13907"}],"wp:attachment":[{"href":"https:\/\/gruppobeltrame.com\/de\/wp-json\/wp\/v2\/media?parent=13863"}],"wp:term":[{"taxonomy":"category","embeddable":true,"href":"https:\/\/gruppobeltrame.com\/de\/wp-json\/wp\/v2\/categories?post=13863"},{"taxonomy":"post_tag","embeddable":true,"href":"https:\/\/gruppobeltrame.com\/de\/wp-json\/wp\/v2\/tags?post=13863"}],"curies":[{"name":"wp","href":"https:\/\/api.w.org\/{rel}","templated":true}]}}