                                                                                                                                                                                                                                                                                                                                                                                                {"id":1313,"date":"2017-11-16T14:47:12","date_gmt":"2017-11-16T13:47:12","guid":{"rendered":"https:\/\/gruppobeltrame.com\/?p=1313"},"modified":"2017-11-17T14:48:20","modified_gmt":"2017-11-17T13:48:20","slug":"il-programma-nuovo-futuro-ha-fatto-tappa-nella-nostra-azienda-stahl-gerlafingen","status":"publish","type":"post","link":"https:\/\/gruppobeltrame.com\/de\/il-programma-nuovo-futuro-ha-fatto-tappa-nella-nostra-azienda-stahl-gerlafingen\/","title":{"rendered":"Il Programma &#8222;Nuovo Futuro&#8220; ha fatto tappa nella nostra azienda Stahl Gerlafingen"},"content":{"rendered":"<p class=\"qtranxs-available-languages-message qtranxs-available-languages-message-de\">Leider ist der Eintrag nur auf <a href=\"https:\/\/gruppobeltrame.com\/it\/wp-json\/wp\/v2\/posts\/1313\" class=\"qtranxs-available-language-link qtranxs-available-language-link-it\" title=\"IT\">Italienisch<\/a> und <a href=\"https:\/\/gruppobeltrame.com\/en\/wp-json\/wp\/v2\/posts\/1313\" class=\"qtranxs-available-language-link qtranxs-available-language-link-en\" title=\"EN\">Amerikanisches Englisch<\/a> verf\u00fcgbar. Der Inhalt wird in der Standard-Sprache dieser Website angezeigt. Sie k\u00f6nnen einen Link anklicken, um zu einer anderen verf\u00fcgbaren Sprache zu wechseln.<\/p><p><span id=\"ember2076\" class=\"ember-view\"> Il Programma &#8222;Nuovo Futuro&#8220; ha fatto tappa nella nostra azienda Stahl Gerlafingen! Un importante\u00a0progetto di cooperazione tra scuola, mondo del lavoro e genitori per incoraggiare la parit\u00e0 tra uomo e donna nella scelta della professione e nella pianificazione di vita. Pensato per permettere ai ragazzi di scoprire ambienti di lavoro diversi ampliando allo stesso tempo le loro possibilit\u00e0 di scelte future. Una reale opportunit\u00e0 per considerare i loro desideri e talenti per un prossimo lavoro avendo al contempo uno sguardo profondo dentro l&#8217;ambiente lavorativo dei loro genitori. Per maggiori informazioni visita: <a href=\"http:\/\/www.nuovofuturo.ch\/it\/nuovo-futuro\/in-breve\/\">http:\/\/www.nuovofuturo.ch<\/a>\u00a0 <\/p>","protected":false},"excerpt":{"rendered":"<p>Leider ist der Eintrag nur auf Italienisch und Amerikanisches Englisch verf\u00fcgbar. Der Inhalt wird in der Standard-Sprache dieser Website angezeigt. Sie k\u00f6nnen einen Link anklicken, um zu einer anderen verf\u00fcgbaren Sprache zu wechseln. Il Programma &#8222;Nuovo Futuro&#8220; ha fatto tappa nella nostra azienda Stahl Gerlafingen! Un importante\u00a0progetto di cooperazione tra scuola, mondo del lavoro e [&hellip;]<\/p>\n","protected":false},"author":180,"featured_media":1306,"comment_status":"open","ping_status":"open","sticky":false,"template":"","format":"standard","meta":[],"categories":[1],"tags":[],"_links":{"self":[{"href":"https:\/\/gruppobeltrame.com\/de\/wp-json\/wp\/v2\/posts\/1313"}],"collection":[{"href":"https:\/\/gruppobeltrame.com\/de\/wp-json\/wp\/v2\/posts"}],"about":[{"href":"https:\/\/gruppobeltrame.com\/de\/wp-json\/wp\/v2\/types\/post"}],"author":[{"embeddable":true,"href":"https:\/\/gruppobeltrame.com\/de\/wp-json\/wp\/v2\/users\/180"}],"replies":[{"embeddable":true,"href":"https:\/\/gruppobeltrame.com\/de\/wp-json\/wp\/v2\/comments?post=1313"}],"version-history":[{"count":0,"href":"https:\/\/gruppobeltrame.com\/de\/wp-json\/wp\/v2\/posts\/1313\/revisions"}],"wp:featuredmedia":[{"embeddable":true,"href":"https:\/\/gruppobeltrame.com\/de\/wp-json\/wp\/v2\/media\/1306"}],"wp:attachment":[{"href":"https:\/\/gruppobeltrame.com\/de\/wp-json\/wp\/v2\/media?parent=1313"}],"wp:term":[{"taxonomy":"category","embeddable":true,"href":"https:\/\/gruppobeltrame.com\/de\/wp-json\/wp\/v2\/categories?post=1313"},{"taxonomy":"post_tag","embeddable":true,"href":"https:\/\/gruppobeltrame.com\/de\/wp-json\/wp\/v2\/tags?post=1313"}],"curies":[{"name":"wp","href":"https:\/\/api.w.org\/{rel}","templated":true}]}}