                                                                                                                                                                                                                                                                                                                                                                                                {"id":1311,"date":"2017-11-13T14:38:06","date_gmt":"2017-11-13T13:38:06","guid":{"rendered":"https:\/\/gruppobeltrame.com\/?p=1311"},"modified":"2017-11-17T14:38:25","modified_gmt":"2017-11-17T13:38:25","slug":"afv-presente-alla-maratona-di-new-york-city","status":"publish","type":"post","link":"https:\/\/gruppobeltrame.com\/de\/afv-presente-alla-maratona-di-new-york-city\/","title":{"rendered":"AFV presente alla maratona di New York City"},"content":{"rendered":"<p class=\"qtranxs-available-languages-message qtranxs-available-languages-message-de\">Leider ist der Eintrag nur auf <a href=\"https:\/\/gruppobeltrame.com\/it\/wp-json\/wp\/v2\/posts\/1311\" class=\"qtranxs-available-language-link qtranxs-available-language-link-it\" title=\"IT\">Italienisch<\/a> und <a href=\"https:\/\/gruppobeltrame.com\/en\/wp-json\/wp\/v2\/posts\/1311\" class=\"qtranxs-available-language-link qtranxs-available-language-link-en\" title=\"EN\">Amerikanisches Englisch<\/a> verf\u00fcgbar. Der Inhalt wird in der Standard-Sprache dieser Website angezeigt. Sie k\u00f6nnen einen Link anklicken, um zu einer anderen verf\u00fcgbaren Sprache zu wechseln.<\/p><p> Congratulazioni ai nostri colleghi\u00a0Davide Ceotto ( 9.067 classificato ) e\u00a0Matteo Bertoldo (20.002 classificato) per aver partecipato alla 47esima edizione della maratona pi\u00f9 famosa del mondo: la Maratona di New York City con oltre 53.000 iscritti, inclusi 3.000 italiani. La gara ha attraversato i 5 distretti di\u00a0Staten Island, Brooklyn, Queens, Bronx e Manhattan per arrrivare alla linea del traguardo\u00a0 \u00a0 \u00a0 \u00a0 \u00a0in Central Park. Una grande esperienza di running!\u00a0#NYCityMarathon #AsdAFVrunning\u00a0 \u00a0 \u00a0 \u00a0 \u00a0 \u00a0 \u00a0 \u00a0 \u00a0 \u00a0<\/p>","protected":false},"excerpt":{"rendered":"<p>Leider ist der Eintrag nur auf Italienisch und Amerikanisches Englisch verf\u00fcgbar. Der Inhalt wird in der Standard-Sprache dieser Website angezeigt. Sie k\u00f6nnen einen Link anklicken, um zu einer anderen verf\u00fcgbaren Sprache zu wechseln. Congratulazioni ai nostri colleghi\u00a0Davide Ceotto ( 9.067 classificato ) e\u00a0Matteo Bertoldo (20.002 classificato) per aver partecipato alla 47esima edizione della maratona pi\u00f9 [&hellip;]<\/p>\n","protected":false},"author":180,"featured_media":1303,"comment_status":"open","ping_status":"open","sticky":false,"template":"","format":"standard","meta":[],"categories":[1],"tags":[],"_links":{"self":[{"href":"https:\/\/gruppobeltrame.com\/de\/wp-json\/wp\/v2\/posts\/1311"}],"collection":[{"href":"https:\/\/gruppobeltrame.com\/de\/wp-json\/wp\/v2\/posts"}],"about":[{"href":"https:\/\/gruppobeltrame.com\/de\/wp-json\/wp\/v2\/types\/post"}],"author":[{"embeddable":true,"href":"https:\/\/gruppobeltrame.com\/de\/wp-json\/wp\/v2\/users\/180"}],"replies":[{"embeddable":true,"href":"https:\/\/gruppobeltrame.com\/de\/wp-json\/wp\/v2\/comments?post=1311"}],"version-history":[{"count":0,"href":"https:\/\/gruppobeltrame.com\/de\/wp-json\/wp\/v2\/posts\/1311\/revisions"}],"wp:featuredmedia":[{"embeddable":true,"href":"https:\/\/gruppobeltrame.com\/de\/wp-json\/wp\/v2\/media\/1303"}],"wp:attachment":[{"href":"https:\/\/gruppobeltrame.com\/de\/wp-json\/wp\/v2\/media?parent=1311"}],"wp:term":[{"taxonomy":"category","embeddable":true,"href":"https:\/\/gruppobeltrame.com\/de\/wp-json\/wp\/v2\/categories?post=1311"},{"taxonomy":"post_tag","embeddable":true,"href":"https:\/\/gruppobeltrame.com\/de\/wp-json\/wp\/v2\/tags?post=1311"}],"curies":[{"name":"wp","href":"https:\/\/api.w.org\/{rel}","templated":true}]}}