                                                                                                                                                                                                                                                                                                                                                                                                {"id":1274,"date":"2017-10-19T10:20:22","date_gmt":"2017-10-19T08:20:22","guid":{"rendered":"https:\/\/gruppobeltrame.com\/?p=1274"},"modified":"2018-09-13T14:00:46","modified_gmt":"2018-09-13T12:00:46","slug":"nuova-brand-identity","status":"publish","type":"post","link":"https:\/\/gruppobeltrame.com\/de\/nuova-brand-identity\/","title":{"rendered":"Nuova Brand Identity"},"content":{"rendered":"<p class=\"qtranxs-available-languages-message qtranxs-available-languages-message-de\">Leider ist der Eintrag nur auf <a href=\"https:\/\/gruppobeltrame.com\/it\/wp-json\/wp\/v2\/posts\/1274\" class=\"qtranxs-available-language-link qtranxs-available-language-link-it\" title=\"IT\">Italienisch<\/a> und <a href=\"https:\/\/gruppobeltrame.com\/en\/wp-json\/wp\/v2\/posts\/1274\" class=\"qtranxs-available-language-link qtranxs-available-language-link-en\" title=\"EN\">Amerikanisches Englisch<\/a> verf\u00fcgbar. Der Inhalt wird in der Standard-Sprache dieser Website angezeigt. Sie k\u00f6nnen einen Link anklicken, um zu einer anderen verf\u00fcgbaren Sprache zu wechseln.<\/p><p>\u00a0 Recentemente abbiamo rinnovato il nostro logo aziendale aggiornando la sua identit\u00e0 visiva. Perch\u00e8 lo abbiamo fatto? Per esprimere e valorizzare la forza e la sinergia del nostro Gruppo per prima cosa, e poi perch\u00e8 siamo convinti che i brands necessitino di progredire adattandosi alla contemporaneit\u00e0, rinnovando se stessi senza perdere nulla della propria essenza\u00a0#NewBrandIdentity #afvnewlogo\u00a0<\/p>","protected":false},"excerpt":{"rendered":"<p>Leider ist der Eintrag nur auf Italienisch und Amerikanisches Englisch verf\u00fcgbar. Der Inhalt wird in der Standard-Sprache dieser Website angezeigt. Sie k\u00f6nnen einen Link anklicken, um zu einer anderen verf\u00fcgbaren Sprache zu wechseln.\u00a0 Recentemente abbiamo rinnovato il nostro logo aziendale aggiornando la sua identit\u00e0 visiva. Perch\u00e8 lo abbiamo fatto? Per esprimere e valorizzare la forza [&hellip;]<\/p>\n","protected":false},"author":180,"featured_media":1275,"comment_status":"open","ping_status":"open","sticky":false,"template":"","format":"standard","meta":[],"categories":[1],"tags":[],"_links":{"self":[{"href":"https:\/\/gruppobeltrame.com\/de\/wp-json\/wp\/v2\/posts\/1274"}],"collection":[{"href":"https:\/\/gruppobeltrame.com\/de\/wp-json\/wp\/v2\/posts"}],"about":[{"href":"https:\/\/gruppobeltrame.com\/de\/wp-json\/wp\/v2\/types\/post"}],"author":[{"embeddable":true,"href":"https:\/\/gruppobeltrame.com\/de\/wp-json\/wp\/v2\/users\/180"}],"replies":[{"embeddable":true,"href":"https:\/\/gruppobeltrame.com\/de\/wp-json\/wp\/v2\/comments?post=1274"}],"version-history":[{"count":0,"href":"https:\/\/gruppobeltrame.com\/de\/wp-json\/wp\/v2\/posts\/1274\/revisions"}],"wp:featuredmedia":[{"embeddable":true,"href":"https:\/\/gruppobeltrame.com\/de\/wp-json\/wp\/v2\/media\/1275"}],"wp:attachment":[{"href":"https:\/\/gruppobeltrame.com\/de\/wp-json\/wp\/v2\/media?parent=1274"}],"wp:term":[{"taxonomy":"category","embeddable":true,"href":"https:\/\/gruppobeltrame.com\/de\/wp-json\/wp\/v2\/categories?post=1274"},{"taxonomy":"post_tag","embeddable":true,"href":"https:\/\/gruppobeltrame.com\/de\/wp-json\/wp\/v2\/tags?post=1274"}],"curies":[{"name":"wp","href":"https:\/\/api.w.org\/{rel}","templated":true}]}}