                                                                                                                                                                                                                                                                                                                                                                                                {"id":11973,"date":"2022-09-13T12:31:00","date_gmt":"2022-09-13T10:31:00","guid":{"rendered":"https:\/\/gruppobeltrame.com\/?p=11973"},"modified":"2022-09-13T12:31:00","modified_gmt":"2022-09-13T10:31:00","slug":"sei-un-tecnico-industriale-iscriviti-per-partecipare-al-corso-gratuito-dedicato","status":"publish","type":"post","link":"https:\/\/gruppobeltrame.com\/de\/sei-un-tecnico-industriale-iscriviti-per-partecipare-al-corso-gratuito-dedicato\/","title":{"rendered":"Sei un tecnico industriale? Iscriviti per partecipare al corso gratuito dedicato"},"content":{"rendered":"<p class=\"qtranxs-available-languages-message qtranxs-available-languages-message-de\">Leider ist der Eintrag nur auf <a href=\"https:\/\/gruppobeltrame.com\/it\/wp-json\/wp\/v2\/posts\/11973\" class=\"qtranxs-available-language-link qtranxs-available-language-link-it\" title=\"IT\">Italienisch<\/a> und <a href=\"https:\/\/gruppobeltrame.com\/en\/wp-json\/wp\/v2\/posts\/11973\" class=\"qtranxs-available-language-link qtranxs-available-language-link-en\" title=\"EN\">Amerikanisches Englisch<\/a> verf\u00fcgbar. Der Inhalt wird in der Standard-Sprache dieser Website angezeigt. Sie k\u00f6nnen einen Link anklicken, um zu einer anderen verf\u00fcgbaren Sprache zu wechseln.<\/p><p> Dal 19 Settembre al 28 Ottobre 2022 <a href=\"https:\/\/www.linkedin.com\/company\/in-job-spa\/?lipi=urn%3Ali%3Apage%3Ad_flagship3_detail_base%3Bbc%2FZyBzhS%2FSqGsMYX1h3yA%3D%3D\">In Job<\/a> in collaborazione con AFV Beltrame Group e SAFFAS GROUP organizza un corso gratuito per TECNICI DEGLI IMPIANTI INDUSTRIALI (240 H) per importante realt\u00e0 nel settore della metalmeccanica, presso la sede di Sviluppo Formazione di S. Agostino (VI).<\/p>\n<p>Requisiti: &#8211; Diploma di scuola superiore ad indirizzo tecnico.<\/p>\n<p>Il corso \u00e8 completamente finanziato e gratuito per i partecipanti e sar\u00e0 rimborsato il pasto. Alla fine del percorso, le risorse saranno inserite in aziende del settore, con iniziale contratto a tempo determinato.<\/p>\n<p>Per info e iscrizioni 0444 526433 oppure <a href=\"mailto:vicenza@injob.com\">vicenza@injob.com<\/a>.<\/p>\n<p>","protected":false},"excerpt":{"rendered":"<p>Leider ist der Eintrag nur auf Italienisch und Amerikanisches Englisch verf\u00fcgbar. Der Inhalt wird in der Standard-Sprache dieser Website angezeigt. Sie k\u00f6nnen einen Link anklicken, um zu einer anderen verf\u00fcgbaren Sprache zu wechseln. Dal 19 Settembre al 28 Ottobre 2022 In Job in collaborazione con AFV Beltrame Group e SAFFAS GROUP organizza un corso gratuito [&hellip;]<\/p>\n","protected":false},"author":180,"featured_media":11974,"comment_status":"open","ping_status":"open","sticky":false,"template":"","format":"standard","meta":[],"categories":[14,1],"tags":[],"_links":{"self":[{"href":"https:\/\/gruppobeltrame.com\/de\/wp-json\/wp\/v2\/posts\/11973"}],"collection":[{"href":"https:\/\/gruppobeltrame.com\/de\/wp-json\/wp\/v2\/posts"}],"about":[{"href":"https:\/\/gruppobeltrame.com\/de\/wp-json\/wp\/v2\/types\/post"}],"author":[{"embeddable":true,"href":"https:\/\/gruppobeltrame.com\/de\/wp-json\/wp\/v2\/users\/180"}],"replies":[{"embeddable":true,"href":"https:\/\/gruppobeltrame.com\/de\/wp-json\/wp\/v2\/comments?post=11973"}],"version-history":[{"count":0,"href":"https:\/\/gruppobeltrame.com\/de\/wp-json\/wp\/v2\/posts\/11973\/revisions"}],"wp:featuredmedia":[{"embeddable":true,"href":"https:\/\/gruppobeltrame.com\/de\/wp-json\/wp\/v2\/media\/11974"}],"wp:attachment":[{"href":"https:\/\/gruppobeltrame.com\/de\/wp-json\/wp\/v2\/media?parent=11973"}],"wp:term":[{"taxonomy":"category","embeddable":true,"href":"https:\/\/gruppobeltrame.com\/de\/wp-json\/wp\/v2\/categories?post=11973"},{"taxonomy":"post_tag","embeddable":true,"href":"https:\/\/gruppobeltrame.com\/de\/wp-json\/wp\/v2\/tags?post=11973"}],"curies":[{"name":"wp","href":"https:\/\/api.w.org\/{rel}","templated":true}]}}