                                                                                                                                                                                                                                                                                                                                                                                                {"id":11559,"date":"2022-06-27T09:58:57","date_gmt":"2022-06-27T07:58:57","guid":{"rendered":"https:\/\/gruppobeltrame.com\/?p=11559"},"modified":"2022-07-06T10:54:30","modified_gmt":"2022-07-06T08:54:30","slug":"costante-ricerca-di-nuovi-talenti-per-il-gruppo-beltrame","status":"publish","type":"post","link":"https:\/\/gruppobeltrame.com\/de\/costante-ricerca-di-nuovi-talenti-per-il-gruppo-beltrame\/","title":{"rendered":"Costante ricerca di nuovi talenti per il Gruppo Beltrame"},"content":{"rendered":"<p class=\"qtranxs-available-languages-message qtranxs-available-languages-message-de\">Leider ist der Eintrag nur auf <a href=\"https:\/\/gruppobeltrame.com\/it\/wp-json\/wp\/v2\/posts\/11559\" class=\"qtranxs-available-language-link qtranxs-available-language-link-it\" title=\"IT\">Italienisch<\/a> und <a href=\"https:\/\/gruppobeltrame.com\/en\/wp-json\/wp\/v2\/posts\/11559\" class=\"qtranxs-available-language-link qtranxs-available-language-link-en\" title=\"EN\">Amerikanisches Englisch<\/a> verf\u00fcgbar. Der Inhalt wird in der Standard-Sprache dieser Website angezeigt. Sie k\u00f6nnen einen Link anklicken, um zu einer anderen verf\u00fcgbaren Sprache zu wechseln.<\/p><p> Semestre particolarmente attivo per le attivit\u00e0 di attraction, recruiting ed employer branding del nostro team HR!<br \/>\nCon presentazioni in aula, career day ed eventi virtuali, il nostro Gruppo \u00e8 entrato in contatto con tanti laureandi e laureati, mostrando i percorsi di crescita che un ambiente internazionale come il nostro pu\u00f2 offrire ed incuriosendoli su un settore, quello siderurgico, non troppo conosciuto ai pi\u00f9.<\/p>\n<p>Ma non \u00e8 finita, il 2022 riserver\u00e0 ancora tante belle opportunit\u00e0!<\/p>\n<p>Ringraziamo l\u2019<a href=\"https:\/\/www.linkedin.com\/company\/university-of-padova\/?lipi=urn%3Ali%3Apage%3Ad_flagship3_feed%3BDY29gSiYTg6KL744e9ICdw%3D%3D\">Universit\u00e0 degli Studi di Padova<\/a>, <a href=\"https:\/\/www.linkedin.com\/company\/universitaditrento\/?lipi=urn%3Ali%3Apage%3Ad_flagship3_feed%3BDY29gSiYTg6KL744e9ICdw%3D%3D\">Universit\u00e0 di Trento<\/a>, <a href=\"https:\/\/www.linkedin.com\/company\/collegio-mazza\/?lipi=urn%3Ali%3Apage%3Ad_flagship3_feed%3BDY29gSiYTg6KL744e9ICdw%3D%3D\">Collegio Universitario Don Nicola Mazza<\/a> + <a href=\"https:\/\/www.linkedin.com\/company\/euca-european-university-college-association-\/?lipi=urn%3Ali%3Apage%3Ad_flagship3_feed%3BDY29gSiYTg6KL744e9ICdw%3D%3D\">EucA (European university college Association)<\/a> + Virtual Job Meeting \/ <a href=\"https:\/\/www.linkedin.com\/company\/cesop\/?lipi=urn%3Ali%3Apage%3Ad_flagship3_feed%3BDY29gSiYTg6KL744e9ICdw%3D%3D\">CESOP<\/a> per l\u2019organizzazione e l\u2019ospitalit\u00e0.<\/p>\n<p> Special thanks ai nostri colleghi <a href=\"https:\/\/www.linkedin.com\/in\/ACoAACZ_iLYBNjYf5WPBE7B_AO4e4ouGDQskNhM?lipi=urn%3Ali%3Apage%3Ad_flagship3_feed%3BDY29gSiYTg6KL744e9ICdw%3D%3D\">Leonardo Princic<\/a> per il grande impegno nell&#8217;organizzazione e <a href=\"https:\/\/www.linkedin.com\/in\/ACoAABmlhRUB-dOpbpUhXfRjsz7d11GGEdezMSM?lipi=urn%3Ali%3Apage%3Ad_flagship3_feed%3BDY29gSiYTg6KL744e9ICdw%3D%3D\">Alessandra Centofante<\/a> e <a href=\"https:\/\/www.linkedin.com\/in\/ACoAAC3E0rgBdmEkNP-V0irAZoYolo8XcDxTt7g?lipi=urn%3Ali%3Apage%3Ad_flagship3_feed%3BDY29gSiYTg6KL744e9ICdw%3D%3D\">Alberto Martini Mason<\/a> per il supporto.<\/p>\n<p>","protected":false},"excerpt":{"rendered":"<p>Leider ist der Eintrag nur auf Italienisch und Amerikanisches Englisch verf\u00fcgbar. Der Inhalt wird in der Standard-Sprache dieser Website angezeigt. Sie k\u00f6nnen einen Link anklicken, um zu einer anderen verf\u00fcgbaren Sprache zu wechseln. Semestre particolarmente attivo per le attivit\u00e0 di attraction, recruiting ed employer branding del nostro team HR! Con presentazioni in aula, career day [&hellip;]<\/p>\n","protected":false},"author":180,"featured_media":11640,"comment_status":"open","ping_status":"open","sticky":false,"template":"","format":"standard","meta":[],"categories":[1],"tags":[],"_links":{"self":[{"href":"https:\/\/gruppobeltrame.com\/de\/wp-json\/wp\/v2\/posts\/11559"}],"collection":[{"href":"https:\/\/gruppobeltrame.com\/de\/wp-json\/wp\/v2\/posts"}],"about":[{"href":"https:\/\/gruppobeltrame.com\/de\/wp-json\/wp\/v2\/types\/post"}],"author":[{"embeddable":true,"href":"https:\/\/gruppobeltrame.com\/de\/wp-json\/wp\/v2\/users\/180"}],"replies":[{"embeddable":true,"href":"https:\/\/gruppobeltrame.com\/de\/wp-json\/wp\/v2\/comments?post=11559"}],"version-history":[{"count":0,"href":"https:\/\/gruppobeltrame.com\/de\/wp-json\/wp\/v2\/posts\/11559\/revisions"}],"wp:featuredmedia":[{"embeddable":true,"href":"https:\/\/gruppobeltrame.com\/de\/wp-json\/wp\/v2\/media\/11640"}],"wp:attachment":[{"href":"https:\/\/gruppobeltrame.com\/de\/wp-json\/wp\/v2\/media?parent=11559"}],"wp:term":[{"taxonomy":"category","embeddable":true,"href":"https:\/\/gruppobeltrame.com\/de\/wp-json\/wp\/v2\/categories?post=11559"},{"taxonomy":"post_tag","embeddable":true,"href":"https:\/\/gruppobeltrame.com\/de\/wp-json\/wp\/v2\/tags?post=11559"}],"curies":[{"name":"wp","href":"https:\/\/api.w.org\/{rel}","templated":true}]}}