                                                                                                                                                                                                                                                                                                                                                                                                {"id":11225,"date":"2022-05-16T10:59:45","date_gmt":"2022-05-16T08:59:45","guid":{"rendered":"https:\/\/gruppobeltrame.com\/?p=11225"},"modified":"2022-05-17T11:04:32","modified_gmt":"2022-05-17T09:04:32","slug":"lme-au-salon-made-in-hainaut","status":"publish","type":"post","link":"https:\/\/gruppobeltrame.com\/de\/lme-au-salon-made-in-hainaut\/","title":{"rendered":"LME au salon Made in Hainaut"},"content":{"rendered":"<p class=\"qtranxs-available-languages-message qtranxs-available-languages-message-de\">Leider ist der Eintrag nur auf <a href=\"https:\/\/gruppobeltrame.com\/it\/wp-json\/wp\/v2\/posts\/11225\" class=\"qtranxs-available-language-link qtranxs-available-language-link-it\" title=\"IT\">Italienisch<\/a> und <a href=\"https:\/\/gruppobeltrame.com\/en\/wp-json\/wp\/v2\/posts\/11225\" class=\"qtranxs-available-language-link qtranxs-available-language-link-en\" title=\"EN\">Amerikanisches Englisch<\/a> verf\u00fcgbar. Der Inhalt wird in der Standard-Sprache dieser Website angezeigt. Sie k\u00f6nnen einen Link anklicken, um zu einer anderen verf\u00fcgbaren Sprache zu wechseln.<\/p><p> LME Groupe Beltrame participera au salon <a href=\"https:\/\/www.linkedin.com\/company\/madeinhainaut\/?lipi=urn%3Ali%3Apage%3Acompanies_company_posts_index%3Bb8e49242-d82b-4140-9a40-8a92cd74e5e2\">MADE IN HAINAUT<\/a> les 19 et 20 mai prochains sur le site minier de Wallers Arenberg.<\/p>\n<p>Nous esp\u00e9rons avoir l\u2019occasion de vous rencontrer et vous attendons nombreux sur notre stand D6. A tr\u00e8s vite!<\/p>\n<p><a href=\"https:\/\/lnkd.in\/g_UiapT\">Entr\u00e9e gratuite. Inscription sur le site<\/a><\/p>\n<p>","protected":false},"excerpt":{"rendered":"<p>Leider ist der Eintrag nur auf Italienisch und Amerikanisches Englisch verf\u00fcgbar. Der Inhalt wird in der Standard-Sprache dieser Website angezeigt. Sie k\u00f6nnen einen Link anklicken, um zu einer anderen verf\u00fcgbaren Sprache zu wechseln. LME Groupe Beltrame participera au salon MADE IN HAINAUT les 19 et 20 mai prochains sur le site minier de Wallers Arenberg. [&hellip;]<\/p>\n","protected":false},"author":180,"featured_media":11229,"comment_status":"open","ping_status":"open","sticky":false,"template":"","format":"standard","meta":[],"categories":[83,14,1],"tags":[],"_links":{"self":[{"href":"https:\/\/gruppobeltrame.com\/de\/wp-json\/wp\/v2\/posts\/11225"}],"collection":[{"href":"https:\/\/gruppobeltrame.com\/de\/wp-json\/wp\/v2\/posts"}],"about":[{"href":"https:\/\/gruppobeltrame.com\/de\/wp-json\/wp\/v2\/types\/post"}],"author":[{"embeddable":true,"href":"https:\/\/gruppobeltrame.com\/de\/wp-json\/wp\/v2\/users\/180"}],"replies":[{"embeddable":true,"href":"https:\/\/gruppobeltrame.com\/de\/wp-json\/wp\/v2\/comments?post=11225"}],"version-history":[{"count":0,"href":"https:\/\/gruppobeltrame.com\/de\/wp-json\/wp\/v2\/posts\/11225\/revisions"}],"wp:featuredmedia":[{"embeddable":true,"href":"https:\/\/gruppobeltrame.com\/de\/wp-json\/wp\/v2\/media\/11229"}],"wp:attachment":[{"href":"https:\/\/gruppobeltrame.com\/de\/wp-json\/wp\/v2\/media?parent=11225"}],"wp:term":[{"taxonomy":"category","embeddable":true,"href":"https:\/\/gruppobeltrame.com\/de\/wp-json\/wp\/v2\/categories?post=11225"},{"taxonomy":"post_tag","embeddable":true,"href":"https:\/\/gruppobeltrame.com\/de\/wp-json\/wp\/v2\/tags?post=11225"}],"curies":[{"name":"wp","href":"https:\/\/api.w.org\/{rel}","templated":true}]}}