                                                                                                                                                                                                                                                                                                                                                                                                {"id":10534,"date":"2022-03-10T10:36:12","date_gmt":"2022-03-10T09:36:12","guid":{"rendered":"https:\/\/gruppobeltrame.com\/?p=10534"},"modified":"2022-03-10T10:46:34","modified_gmt":"2022-03-10T09:46:34","slug":"lefficienza-energetica-a-360-gradi-spiegata-da-gianmaria-zanni","status":"publish","type":"post","link":"https:\/\/gruppobeltrame.com\/de\/lefficienza-energetica-a-360-gradi-spiegata-da-gianmaria-zanni\/","title":{"rendered":"L&#8217;efficienza energetica a 360\u00b0 gradi spiegata da Gianmaria Zanni"},"content":{"rendered":"<p class=\"qtranxs-available-languages-message qtranxs-available-languages-message-de\">Leider ist der Eintrag nur auf <a href=\"https:\/\/gruppobeltrame.com\/it\/wp-json\/wp\/v2\/posts\/10534\" class=\"qtranxs-available-language-link qtranxs-available-language-link-it\" title=\"IT\">Italienisch<\/a> und <a href=\"https:\/\/gruppobeltrame.com\/en\/wp-json\/wp\/v2\/posts\/10534\" class=\"qtranxs-available-language-link qtranxs-available-language-link-en\" title=\"EN\">Amerikanisches Englisch<\/a> verf\u00fcgbar. Der Inhalt wird in der Standard-Sprache dieser Website angezeigt. Sie k\u00f6nnen einen Link anklicken, um zu einer anderen verf\u00fcgbaren Sprache zu wechseln.<\/p><p> AFV Beltrame Group gestisce l\u2019efficienza energetica a 360\u00b0 per essere competitivo in un mercato sempre pi\u00f9 sfidante e con normative ambientali sempre pi\u00f9 stringenti.<\/p>\n<p>La riduzione dei consumi e la conseguente ottimizzazione della gestione devono essere organizzate in ogni aspetto, non solo nella parte pi\u00f9 evidente dei forni fusori ma, anche, negli impianti ausiliari di aria compressa, acqua, pompaggio ed estrazione fumi, perch\u00e9 tutte queste strutture hanno consumi rilevanti.<\/p>\n<p>La partnership con <a href=\"https:\/\/www.linkedin.com\/company\/abb-motion\/?lipi=urn%3Ali%3Apage%3Ad_flagship3_feed%3B5i0PSm7PS6qivH%2FhesyNLg%3D%3D\">ABB Motion<\/a> ci \u00e8 d\u2019aiuto nel valorizzare tecnologicamente alcune delle performance impiantistiche dell\u2019azienda, come spiega <a href=\"https:\/\/www.linkedin.com\/in\/ACoAAAid3-QBoz6PUp_3acK6OXeh83u_P7J505k?lipi=urn%3Ali%3Apage%3Ad_flagship3_feed%3B5i0PSm7PS6qivH%2FhesyNLg%3D%3D\">Gianmaria Zanni<\/a>, Group Energy Manager nell&#8216;<a href=\"https:\/\/lnkd.in\/dMJSzmE6\">articolo completo qui<\/a><\/p>\n<p>","protected":false},"excerpt":{"rendered":"<p>Leider ist der Eintrag nur auf Italienisch und Amerikanisches Englisch verf\u00fcgbar. Der Inhalt wird in der Standard-Sprache dieser Website angezeigt. Sie k\u00f6nnen einen Link anklicken, um zu einer anderen verf\u00fcgbaren Sprache zu wechseln. AFV Beltrame Group gestisce l\u2019efficienza energetica a 360\u00b0 per essere competitivo in un mercato sempre pi\u00f9 sfidante e con normative ambientali sempre [&hellip;]<\/p>\n","protected":false},"author":180,"featured_media":10535,"comment_status":"open","ping_status":"open","sticky":false,"template":"","format":"standard","meta":[],"categories":[1],"tags":[90,89],"_links":{"self":[{"href":"https:\/\/gruppobeltrame.com\/de\/wp-json\/wp\/v2\/posts\/10534"}],"collection":[{"href":"https:\/\/gruppobeltrame.com\/de\/wp-json\/wp\/v2\/posts"}],"about":[{"href":"https:\/\/gruppobeltrame.com\/de\/wp-json\/wp\/v2\/types\/post"}],"author":[{"embeddable":true,"href":"https:\/\/gruppobeltrame.com\/de\/wp-json\/wp\/v2\/users\/180"}],"replies":[{"embeddable":true,"href":"https:\/\/gruppobeltrame.com\/de\/wp-json\/wp\/v2\/comments?post=10534"}],"version-history":[{"count":0,"href":"https:\/\/gruppobeltrame.com\/de\/wp-json\/wp\/v2\/posts\/10534\/revisions"}],"wp:featuredmedia":[{"embeddable":true,"href":"https:\/\/gruppobeltrame.com\/de\/wp-json\/wp\/v2\/media\/10535"}],"wp:attachment":[{"href":"https:\/\/gruppobeltrame.com\/de\/wp-json\/wp\/v2\/media?parent=10534"}],"wp:term":[{"taxonomy":"category","embeddable":true,"href":"https:\/\/gruppobeltrame.com\/de\/wp-json\/wp\/v2\/categories?post=10534"},{"taxonomy":"post_tag","embeddable":true,"href":"https:\/\/gruppobeltrame.com\/de\/wp-json\/wp\/v2\/tags?post=10534"}],"curies":[{"name":"wp","href":"https:\/\/api.w.org\/{rel}","templated":true}]}}